{"id":2123,"date":"2024-12-24T15:14:04","date_gmt":"2024-12-24T14:14:04","guid":{"rendered":"https:\/\/caroformationscovering.fr\/?p=2123"},"modified":"2024-12-24T15:17:45","modified_gmt":"2024-12-24T14:17:45","slug":"comment-financer-votre-formation-covering-via-pole-emploi","status":"publish","type":"post","link":"https:\/\/caroformationscovering.fr\/index.php\/2024\/12\/24\/comment-financer-votre-formation-covering-via-pole-emploi\/","title":{"rendered":"Comment financer votre formation covering via P\u00f4le Emploi ?"},"content":{"rendered":"<div class=\"fusion-fullwidth fullwidth-box fusion-builder-row-1 fusion-flex-container nonhundred-percent-fullwidth non-hundred-percent-height-scrolling\" style=\"--awb-border-radius-top-left:0px;--awb-border-radius-top-right:0px;--awb-border-radius-bottom-right:0px;--awb-border-radius-bottom-left:0px;--awb-flex-wrap:wrap;\" ><div class=\"fusion-builder-row fusion-row fusion-flex-align-items-flex-start fusion-flex-content-wrap\" style=\"max-width:1248px;margin-left: calc(-4% \/ 2 );margin-right: calc(-4% \/ 2 );\"><div class=\"fusion-layout-column fusion_builder_column fusion-builder-column-0 fusion_builder_column_1_1 1_1 fusion-flex-column\" style=\"--awb-bg-blend:overlay;--awb-bg-size:cover;--awb-width-large:100%;--awb-margin-top-large:0px;--awb-spacing-right-large:1.92%;--awb-margin-bottom-large:0px;--awb-spacing-left-large:1.92%;--awb-width-medium:100%;--awb-spacing-right-medium:1.92%;--awb-spacing-left-medium:1.92%;--awb-width-small:100%;--awb-spacing-right-small:1.92%;--awb-spacing-left-small:1.92%;\"><div class=\"fusion-column-wrapper fusion-flex-justify-content-flex-start fusion-content-layout-column\"><div class=\"fusion-text fusion-text-1\"><p>Pour faire financer une formation par <a href=\"https:\/\/candidat.francetravail.fr\/formations\/recherche?quoi=OF-CARO+Peintre-en-Lettres&amp;range=0-9&amp;tri=0\" target=\"_blank\" rel=\"noopener noreferrer\">France Travail<\/a>, il y a plusieurs d\u00e9marches \u00e0 suivre. France Travail, qui a remplac\u00e9 P\u00f4le emploi en 2024, a pour mission de vous accompagner dans votre parcours professionnel, et cela inclut l&rsquo;acc\u00e8s \u00e0 des formations. Voici les \u00e9tapes pour obtenir un financement de formation :<\/p>\n<\/p>\n<ul>\n<li><b style=\"color: var(--awb-text-color); font-family: var(--awb-text-font-family); font-size: var(--awb-font-size); font-style: var(--awb-text-font-style); letter-spacing: var(--awb-letter-spacing); text-align: var(--awb-content-alignment); text-transform: var(--awb-text-transform);\">1. \u00c9valuer votre situation professionnelle<\/b><\/li>\n<\/ul>\n<p>   &#8211; Si vous \u00eates <b>demandeur d\u2019emploi<\/b>, vous avez g\u00e9n\u00e9ralement droit \u00e0 un financement de formation dans le cadre de votre accompagnement par France Travail.<br \/>\n   &#8211; Si vous \u00eates salari\u00e9 ou ind\u00e9pendant, vous pouvez \u00e9galement avoir acc\u00e8s \u00e0 des financements, mais cela d\u00e9pendra de votre statut (CDD, CDI, freelance, etc.) et des dispositifs disponibles (CPF, plan de d\u00e9veloppement des comp\u00e9tences de l\u2019entreprise, etc.).<\/p>\n<\/p>\n<ul>\n<li><span style=\"color: var(--awb-text-color); font-family: var(--awb-text-font-family); font-size: var(--awb-font-size); font-style: var(--awb-text-font-style); letter-spacing: var(--awb-letter-spacing); text-align: var(--awb-content-alignment); text-transform: var(--awb-text-transform); background-color: var(--awb-bg-color-medium);\"><b>2. Identifier la formation qui vous int\u00e9resse<\/b><\/span><\/li>\n<\/ul>\n<p>   La formation que vous souhaitez suivre doit \u00eatre reconnue comme \u00e9ligible au financement public. Cela signifie que la formation doit \u00eatre dispens\u00e9e par un organisme de formation agr\u00e9\u00e9 et figurer sur des listes de formations financ\u00e9es par les dispositifs publics (par exemple, le Compte Personnel de Formation &#8211; CPF, ou des formations inscrites sur des listes sp\u00e9cifiques de France Travail). \u00c7a tombe bien, notre centre de formation est agr\u00e9\u00e9 et toutes nos formations prises en charge par P\u00f4le Emploi : <a href=\"https:\/\/candidat.francetravail.fr\/formations\/recherche?quoi=OF-CARO+Peintre-en-Lettres&amp;range=0-9&amp;tri=0\" target=\"_blank\" rel=\"noopener noreferrer\">rendez-vous ici<\/a>.<\/p>\n<p>   &#8211; <b>V\u00e9rifiez la compatibilit\u00e9 de la formation<\/b> : France Travail peut financer certaines formations, mais elles doivent r\u00e9pondre \u00e0 des crit\u00e8res sp\u00e9cifiques, comme la reconversion professionnelle ou l\u2019acquisition de comp\u00e9tences recherch\u00e9es sur le march\u00e9 du travail.<\/p>\n<\/p>\n<ul>\n<li><b style=\"color: var(--awb-text-color); font-family: var(--awb-text-font-family); font-size: var(--awb-font-size); font-style: var(--awb-text-font-style); letter-spacing: var(--awb-letter-spacing); text-align: var(--awb-content-alignment); text-transform: var(--awb-text-transform);\">3. Prendre rendez-vous avec votre conseiller France Travail<\/b><\/li>\n<\/ul>\n<p>   Si vous \u00eates inscrit comme demandeur d\u2019emploi, contactez votre conseiller France Travail. Ils \u00e9valueront votre projet professionnel, la formation envisag\u00e9e et d\u00e9cideront si elle peut \u00eatre financ\u00e9e. <\/p>\n<p><span style=\"color: var(--awb-text-color); font-family: var(--awb-text-font-family); font-size: var(--awb-font-size); font-style: var(--awb-text-font-style); letter-spacing: var(--awb-letter-spacing); text-align: var(--awb-content-alignment); text-transform: var(--awb-text-transform); background-color: var(--awb-bg-color-medium-hover);\">Votre conseiller vous aidera \u00e0 d\u00e9terminer quel financement est le plus adapt\u00e9 \u00e0 votre situation. Voici quelques exemples de financements :<\/span><\/p>\n<p>   &#8211; <b>AIF (Aide Individuelle \u00e0 la Formation) <\/b>: C\u2019est l&rsquo;aide principale pour les demandeurs d&#8217;emploi, destin\u00e9e \u00e0 financer des formations qualifiantes ou permettant une reconversion. <span style=\"letter-spacing: 0.285px; color: var(--awb-text-color); font-family: var(--awb-text-font-family); font-size: var(--awb-font-size); font-style: var(--awb-text-font-style); text-align: var(--awb-content-alignment); text-transform: var(--awb-text-transform); background-color: var(--awb-bg-color-medium-hover);\">Ce dispositif peut financer la totalit\u00e9 ou une partie des frais p\u00e9dagogiques de votre formation.<\/span><span style=\"color: var(--awb-text-color); font-family: var(--awb-text-font-family); font-size: var(--awb-font-size); font-style: var(--awb-text-font-style); letter-spacing: var(--awb-letter-spacing); text-align: var(--awb-content-alignment); text-transform: var(--awb-text-transform); background-color: var(--awb-bg-color-medium-hover);\"> La demande se fait directement aupr\u00e8s de votre conseiller.<\/span><\/p>\n<p>\n   &#8211; <b>CPF (Compte Personnel de Formation)<\/b> : Le CPF est un compte qui est aliment\u00e9 chaque ann\u00e9e, et vous pouvez l&rsquo;utiliser pour financer des formations tout au long de votre parcours professionnel. Si vous \u00eates salari\u00e9, vous pouvez utiliser votre CPF \u00e0 condition d\u2019avoir suffisamment de droits disponibles. N\u00e9anmoins, il n&rsquo;est utilisable que pour des formations dipl\u00f4mantes, ce qui n&rsquo;est pas possible pour les formations covering car <a href=\"https:\/\/caroformationscovering.fr\/index.php\/2023\/05\/25\/mediapplicateur-reconnaissance-metier\/\">le m\u00e9tier n&rsquo;est pas reconnu au RNCP<\/a>.<\/p>\n<p>\n   &#8211; <b>Pro-A (Reconnaissance des acquis et validation de l\u2019exp\u00e9rience)<\/b> : Pour les salari\u00e9s, il existe aussi des dispositifs comme la <b>Pro-A<\/b>, qui est un financement permettant de suivre des formations en alternance pour se reconvertir ou \u00e9voluer professionnellement.<\/p>\n<p><span style=\"color: var(--awb-text-color); font-family: var(--awb-text-font-family); font-size: var(--awb-font-size); font-style: var(--awb-text-font-style); letter-spacing: var(--awb-letter-spacing); text-align: var(--awb-content-alignment); text-transform: var(--awb-text-transform); background-color: var(--awb-bg-color-medium);\">Votre conseiller France Travail pourra faire la demande d&rsquo;AIF pour vous. Vous devrez lui soumettre votre projet de formation, et apr\u00e8s une \u00e9tude de faisabilit\u00e9, la demande de financement sera soumise et nous pourrons vous inscrire en formation dans notre centre.<\/span><\/p>\n<\/p>\n<ul>\n<li><b style=\"color: var(--awb-text-color); font-family: var(--awb-text-font-family); font-size: var(--awb-font-size); font-style: var(--awb-text-font-style); letter-spacing: var(--awb-letter-spacing); text-align: var(--awb-content-alignment); text-transform: var(--awb-text-transform);\">4. Suivi et validation du financement<\/b><\/li>\n<\/ul>\n<p>   Une fois la demande accept\u00e9e, vous recevrez une notification confirmant le financement. Il peut y avoir des conditions sp\u00e9cifiques \u00e0 respecter pendant la formation (taux de pr\u00e9sence, \u00e9valuation, etc.). \u00c0 la fin de votre formation, vous devrez peut-\u00eatre justifier de votre assiduit\u00e9 et des r\u00e9sultats obtenus.<\/p>\n<\/p>\n<p><b>Points importants \u00e0 retenir :<\/b><br \/>\n   &#8211; Vous devez avoir un projet professionnel solide et bien d\u00e9fini ;<br \/>\n   &#8211; France Travail financera votre formation uniquement si elle est consid\u00e9r\u00e9e comme b\u00e9n\u00e9fique pour votre retour \u00e0 l\u2019emploi ou votre reconversion ;<br \/>\n   &#8211; Certaines formations peuvent \u00eatre financ\u00e9es en totalit\u00e9 ou partiellement selon le dispositif (AIF, CPF, etc.) ;<br \/>\n   &#8211; Vous devez vous entourer de votre conseiller France Travail pour vous aider \u00e0 bien pr\u00e9parer et valider votre projet ;<\/p>\n<\/p>\n<p>Si vous avez un projet de formation en t\u00eate, je vous conseille de prendre contact rapidement avec votre conseiller France Travail pour discuter des options disponibles et pr\u00e9parer votre demande de financement. En cas de question, je peux vous aider \u00e0 \u00e9tablir vos options de financement.<\/p>\n<\/div><div style=\"text-align:center;\"><a class=\"fusion-button button-flat fusion-button-default-size button-default fusion-button-default button-1 fusion-button-default-span fusion-button-default-type\" style=\"--button_margin-top:5%;\" target=\"_self\" href=\"https:\/\/caroformationscovering.fr\/index.php\/contact\/\"><span class=\"fusion-button-text\">Prendre contact<\/span><\/a><\/div><\/div><\/div><\/div><\/div>\n","protected":false},"excerpt":{"rendered":"<p>Voici les \u00e9tapes pour obtenir un financement de formation par France (&#8230;)<\/p>\n","protected":false},"author":1,"featured_media":2126,"comment_status":"open","ping_status":"open","sticky":false,"template":"","format":"standard","meta":{"footnotes":""},"categories":[1],"tags":[],"class_list":["post-2123","post","type-post","status-publish","format-standard","has-post-thumbnail","hentry","category-formation"],"_links":{"self":[{"href":"https:\/\/caroformationscovering.fr\/index.php\/wp-json\/wp\/v2\/posts\/2123","targetHints":{"allow":["GET"]}}],"collection":[{"href":"https:\/\/caroformationscovering.fr\/index.php\/wp-json\/wp\/v2\/posts"}],"about":[{"href":"https:\/\/caroformationscovering.fr\/index.php\/wp-json\/wp\/v2\/types\/post"}],"author":[{"embeddable":true,"href":"https:\/\/caroformationscovering.fr\/index.php\/wp-json\/wp\/v2\/users\/1"}],"replies":[{"embeddable":true,"href":"https:\/\/caroformationscovering.fr\/index.php\/wp-json\/wp\/v2\/comments?post=2123"}],"version-history":[{"count":7,"href":"https:\/\/caroformationscovering.fr\/index.php\/wp-json\/wp\/v2\/posts\/2123\/revisions"}],"predecessor-version":[{"id":2132,"href":"https:\/\/caroformationscovering.fr\/index.php\/wp-json\/wp\/v2\/posts\/2123\/revisions\/2132"}],"wp:featuredmedia":[{"embeddable":true,"href":"https:\/\/caroformationscovering.fr\/index.php\/wp-json\/wp\/v2\/media\/2126"}],"wp:attachment":[{"href":"https:\/\/caroformationscovering.fr\/index.php\/wp-json\/wp\/v2\/media?parent=2123"}],"wp:term":[{"taxonomy":"category","embeddable":true,"href":"https:\/\/caroformationscovering.fr\/index.php\/wp-json\/wp\/v2\/categories?post=2123"},{"taxonomy":"post_tag","embeddable":true,"href":"https:\/\/caroformationscovering.fr\/index.php\/wp-json\/wp\/v2\/tags?post=2123"}],"curies":[{"name":"wp","href":"https:\/\/api.w.org\/{rel}","templated":true}]}}